{"id":749,"date":"2025-02-12T03:30:31","date_gmt":"2025-02-12T03:30:31","guid":{"rendered":"http:\/\/apdnoticias.com\/?p=749"},"modified":"2025-02-12T03:30:31","modified_gmt":"2025-02-12T03:30:31","slug":"cuernavaca-esta-lista-para-la-eleccion-de-nueve-ayudantias-municipales","status":"publish","type":"post","link":"https:\/\/apdnoticias.com\/?p=749","title":{"rendered":"Cuernavaca est\u00e1 lista para la elecci\u00f3n de nueve ayudant\u00edas municipales"},"content":{"rendered":"\n<p><\/p>\n\n\n\n<p>\u2022 El presidente municipal de Cuernavaca, Jos\u00e9 Luis Uri\u00f3stegui, instal\u00f3 la Junta Electoral Municipal que garantizar\u00e1 la seguridad y civilidad en la elecci\u00f3n de autoridades auxiliares<\/p>\n\n\n\n<p>Con pleno apego a la ley, el presidente municipal de Cuernavaca, Jos\u00e9 Luis Uri\u00f3stegui Salgado, llev\u00f3 a cabo este martes la instalaci\u00f3n de la Junta Electoral Municipal que en coordinaci\u00f3n con el Instituto Morelense de Procesos Electorales y Participaci\u00f3n Ciudadana (IMPEPAC), supervisar\u00e1 el pr\u00f3ximo proceso electoral para la elecci\u00f3n de nueve ayudantes municipales en igual n\u00famero de poblados del municipio.<\/p>\n\n\n\n<p>La sesi\u00f3n de instalaci\u00f3n cont\u00f3 con la participaci\u00f3n del regidor Alfredo Gonz\u00e1lez S\u00e1nchez como representante de la primera minor\u00eda del Cabildo; del secretario del Ayuntamiento, \u00d3scar Cano Mondrag\u00f3n y de autoridades municipales, quienes detallaron los procedimientos que se seguir\u00e1n para garantizar la transparencia y legalidad en la jornada electoral.<\/p>\n\n\n\n<p>En su intervenci\u00f3n, el alcalde capitalino destac\u00f3 la importancia que tendr\u00e1 este proceso democr\u00e1tico, en el que las y los vecinos de poblados como Santa Mar\u00eda Ahuacatitl\u00e1n, San Ant\u00f3n, Chipitl\u00e1n, Acapantzingo, Tetela del Monte, Chamilpa, Chapultepec, Tlaltenango, y Amatitl\u00e1n, podr\u00e1n elegir a sus autoridades auxiliares en un ambiente de paz y civilidad que ser\u00e1n garantizadas en colaboraci\u00f3n estrecha con el IMPEPAC, que funge como secretario t\u00e9cnico de la Junta, y la Secretar\u00eda de Protecci\u00f3n y Auxilio Ciudadano (SEPRAC).<\/p>\n\n\n\n<p>Cabe mencionar que, adem\u00e1s de la toma de protesta de sus integrantes, la Junta Electoral Municipal aprob\u00f3 el proyecto de convocatoria para la elecci\u00f3n que ser\u00e1 publicado en pr\u00f3ximos d\u00edas en las redes sociales oficiales del Municipio de Cuernavaca y en espacios con una amplia aglomeraci\u00f3n de personas.<\/p>\n","protected":false},"excerpt":{"rendered":"<p>\u2022 El presidente municipal de Cuernavaca, Jos\u00e9 Luis Uri\u00f3stegui, instal\u00f3 la Junta Electoral Municipal que garantizar\u00e1 la seguridad y civilidad en la elecci\u00f3n de autoridades auxiliares Con pleno apego a la ley, el presidente municipal de Cuernavaca, Jos\u00e9 Luis Uri\u00f3stegui Salgado, llev\u00f3 a cabo este martes la instalaci\u00f3n de la Junta Electoral Municipal que en [&hellip;]<\/p>\n","protected":false},"author":3,"featured_media":750,"comment_status":"open","ping_status":"open","sticky":false,"template":"","format":"standard","meta":{"_jetpack_memberships_contains_paid_content":false,"footnotes":""},"categories":[5],"tags":[],"class_list":["post-749","post","type-post","status-publish","format-standard","has-post-thumbnail","hentry","category-morelos"],"jetpack_featured_media_url":"https:\/\/apdnoticias.com\/wp-content\/uploads\/2025\/02\/4222f720-e720-46f7-8956-f2edefca4b62.jpeg","jetpack_sharing_enabled":true,"_links":{"self":[{"href":"https:\/\/apdnoticias.com\/index.php?rest_route=\/wp\/v2\/posts\/749","targetHints":{"allow":["GET"]}}],"collection":[{"href":"https:\/\/apdnoticias.com\/index.php?rest_route=\/wp\/v2\/posts"}],"about":[{"href":"https:\/\/apdnoticias.com\/index.php?rest_route=\/wp\/v2\/types\/post"}],"author":[{"embeddable":true,"href":"https:\/\/apdnoticias.com\/index.php?rest_route=\/wp\/v2\/users\/3"}],"replies":[{"embeddable":true,"href":"https:\/\/apdnoticias.com\/index.php?rest_route=%2Fwp%2Fv2%2Fcomments&post=749"}],"version-history":[{"count":1,"href":"https:\/\/apdnoticias.com\/index.php?rest_route=\/wp\/v2\/posts\/749\/revisions"}],"predecessor-version":[{"id":751,"href":"https:\/\/apdnoticias.com\/index.php?rest_route=\/wp\/v2\/posts\/749\/revisions\/751"}],"wp:featuredmedia":[{"embeddable":true,"href":"https:\/\/apdnoticias.com\/index.php?rest_route=\/wp\/v2\/media\/750"}],"wp:attachment":[{"href":"https:\/\/apdnoticias.com\/index.php?rest_route=%2Fwp%2Fv2%2Fmedia&parent=749"}],"wp:term":[{"taxonomy":"category","embeddable":true,"href":"https:\/\/apdnoticias.com\/index.php?rest_route=%2Fwp%2Fv2%2Fcategories&post=749"},{"taxonomy":"post_tag","embeddable":true,"href":"https:\/\/apdnoticias.com\/index.php?rest_route=%2Fwp%2Fv2%2Ftags&post=749"}],"curies":[{"name":"wp","href":"https:\/\/api.w.org\/{rel}","templated":true}]}}