{"id":755,"date":"2025-02-13T00:28:07","date_gmt":"2025-02-13T00:28:07","guid":{"rendered":"http:\/\/apdnoticias.com\/?p=755"},"modified":"2025-02-13T00:28:07","modified_gmt":"2025-02-13T00:28:07","slug":"investigan-en-morelos-casos-de-desapariciones-forzadas-que-involucra-a-policias","status":"publish","type":"post","link":"https:\/\/apdnoticias.com\/?p=755","title":{"rendered":"Investigan en Morelos casos de desapariciones forzadas que involucra a polic\u00edas"},"content":{"rendered":"\n<p><\/p>\n\n\n\n<p>*El gobierno de Morelos impulsa las indagatoria que ya tiene a ocho polic\u00edas detenidos y bajo proceso por la desaparici\u00f3n de un detenido<\/p>\n\n\n\n<p>David Monroy \/ Morelos<\/p>\n\n\n\n<p>CUERNAVACA, MOR.- Tras la detenci\u00f3n y encarcelamiento de ocho polic\u00edas vinculados con la desaparici\u00f3n de un hombre que fue detenido en 2022 y no fue vuelto a ver, autoridades del estado de Morelos confirmaron la investigaci\u00f3n de -al menos- dos casos similares m\u00e1s.<\/p>\n\n\n\n<p>As\u00ed lo inform\u00f3 el secretario de Seguridad P\u00fablica de Morelos, Miguel \u00c1ngel Urrutia Lozano quien detall\u00f3 que los polic\u00edas acusados del delitos de desaparici\u00f3n forzada, formaban parte de la dependencia que encabeza y del municipio de Emiliano Zapata, aunque en su mayor\u00eda hab\u00edan servido en el municipio de Temixco.<\/p>\n\n\n\n<p>Los detenidos fueron identificados como: Gerardo N, de 39 a\u00f1os, Carolina N, de 30 a\u00f1os, Esteban N. De 45, Santiago N. De 26, cero Sa\u00fal N. De 42, J. Guadalupe de 40, Azucena N. De 41 y Miriam N, de 26.<\/p>\n\n\n\n<p>En rueda de prensa, destac\u00f3 que los ocho polic\u00edas -entre las que se encuentran dos mujeres- permanecer\u00e1n en prisi\u00f3n preventiva luego de haber sido vinculados a proceso, tras su detenidos a finales de enero por estar directamente vinculados a la desaparici\u00f3n de Job \u201cN\u201d, en el municipio de Emiliano Zapata.<\/p>\n\n\n\n<p>\u201cSe completaron ocho \u00f3rdenes de aprehensi\u00f3n en contra de siete polic\u00edas de Morelos, muchos de ellos con or\u00edgenes de ser polic\u00edas, ex polic\u00edas municipales de Temisco. Adem\u00e1s se detuvo a un civil que hac\u00eda las funciones de \u201cmadrina\u201d, y que se hac\u00eda pasar como polic\u00eda municipal de Emiliano Zapata\u201d, inform\u00f3.<\/p>\n\n\n\n<p>Y agreg\u00f3: \u201cNosotros vamos a seguir cooperando con la Fiscal\u00eda de Desaparecidos, con la Fiscal\u00eda de Homicidios de la Fiscalia de Morelos, y vamos a aportar toda la informaci\u00f3n que se requiera para esclarecer muchos hechos de a\u00f1os anteriores, es nuestro compromiso\u201d.<\/p>\n\n\n\n<p>Los otros casos que investiga la dependencia es la desaparici\u00f3n de un padre y su hijos en el municipio de Yautepec, en 2021.<\/p>\n\n\n\n<p>De acuerdo con la versi\u00f3n de la familia del empresario Rom\u00e1n Mart\u00ednez Garc\u00eda, de 39 a\u00f1os y su y su hijastro Luis Fernando Ogazon Ariza, de 23 a\u00f1os, las v\u00edctimas fueron perseguidas en Yautepec por un supuesto accidente de tr\u00e1nsito.<\/p>\n\n\n\n<p>Cuando los polic\u00edas les dieron alcance, los bajaron de su veh\u00edculo a golpes, y los detuvieron. El empresario logr\u00f3 avisar a su familia, por lo que ella pronto pudo indagar cu\u00e1l fue el \u00faltimo lugar donde estuvieron.<\/p>\n\n\n\n<p>De ambos se desconoce -hasta el momento- su paradero. Los hechos indican que fueron llevados detenidos hasta la comandancia policiaca pero ya nadie los vio.<\/p>\n\n\n\n<p>El otro caso se trata de una desaparici\u00f3n forzada al interior de un lavado de autos, sin embargo, la informaci\u00f3n detallada, donde tambi\u00e9n intervinieron polic\u00edas, no fue revelada por el estatus de la investigaci\u00f3n.<\/p>\n","protected":false},"excerpt":{"rendered":"<p>*El gobierno de Morelos impulsa las indagatoria que ya tiene a ocho polic\u00edas detenidos y bajo proceso por la desaparici\u00f3n de un detenido David Monroy \/ Morelos CUERNAVACA, MOR.- Tras la detenci\u00f3n y encarcelamiento de ocho polic\u00edas vinculados con la desaparici\u00f3n de un hombre que fue detenido en 2022 y no fue vuelto a ver, [&hellip;]<\/p>\n","protected":false},"author":3,"featured_media":756,"comment_status":"open","ping_status":"open","sticky":false,"template":"","format":"standard","meta":{"_jetpack_memberships_contains_paid_content":false,"footnotes":""},"categories":[5],"tags":[],"class_list":["post-755","post","type-post","status-publish","format-standard","has-post-thumbnail","hentry","category-morelos"],"jetpack_featured_media_url":"https:\/\/apdnoticias.com\/wp-content\/uploads\/2025\/02\/fa110644-57c5-4b4e-a8e9-88be260ef001.jpeg","jetpack_sharing_enabled":true,"_links":{"self":[{"href":"https:\/\/apdnoticias.com\/index.php?rest_route=\/wp\/v2\/posts\/755","targetHints":{"allow":["GET"]}}],"collection":[{"href":"https:\/\/apdnoticias.com\/index.php?rest_route=\/wp\/v2\/posts"}],"about":[{"href":"https:\/\/apdnoticias.com\/index.php?rest_route=\/wp\/v2\/types\/post"}],"author":[{"embeddable":true,"href":"https:\/\/apdnoticias.com\/index.php?rest_route=\/wp\/v2\/users\/3"}],"replies":[{"embeddable":true,"href":"https:\/\/apdnoticias.com\/index.php?rest_route=%2Fwp%2Fv2%2Fcomments&post=755"}],"version-history":[{"count":1,"href":"https:\/\/apdnoticias.com\/index.php?rest_route=\/wp\/v2\/posts\/755\/revisions"}],"predecessor-version":[{"id":757,"href":"https:\/\/apdnoticias.com\/index.php?rest_route=\/wp\/v2\/posts\/755\/revisions\/757"}],"wp:featuredmedia":[{"embeddable":true,"href":"https:\/\/apdnoticias.com\/index.php?rest_route=\/wp\/v2\/media\/756"}],"wp:attachment":[{"href":"https:\/\/apdnoticias.com\/index.php?rest_route=%2Fwp%2Fv2%2Fmedia&parent=755"}],"wp:term":[{"taxonomy":"category","embeddable":true,"href":"https:\/\/apdnoticias.com\/index.php?rest_route=%2Fwp%2Fv2%2Fcategories&post=755"},{"taxonomy":"post_tag","embeddable":true,"href":"https:\/\/apdnoticias.com\/index.php?rest_route=%2Fwp%2Fv2%2Ftags&post=755"}],"curies":[{"name":"wp","href":"https:\/\/api.w.org\/{rel}","templated":true}]}}