{"id":77,"date":"2024-07-21T17:00:00","date_gmt":"2024-07-21T17:00:00","guid":{"rendered":"http:\/\/apdnoticias.com\/?p=77"},"modified":"2024-08-12T08:00:11","modified_gmt":"2024-08-12T08:00:11","slug":"continua-seprac-atendiendo-contingencias-que-reporta-la-poblacion","status":"publish","type":"post","link":"https:\/\/apdnoticias.com\/?p=77","title":{"rendered":"Contin\u00faa Seprac atendiendo contingencias que reporta la poblaci\u00f3n"},"content":{"rendered":"\n<p>La Secretar\u00eda de Protecci\u00f3n y Auxilio Ciudadano (SEPRAC) de Cuernavaca dio a conocer que del 08 al 14 de julio se tuvo el registro de 31 accidentes de tr\u00e1nsito en la ciudad, de los cuales 15 fueron atendidos por peritos y se enviaron al dep\u00f3sito oficial las unidades involucradas al no obtener acuerdos entre los particulares para posteriormente hacer la puesta a disposici\u00f3n correspondientes.<\/p>\n\n\n\n<p>Del total de 31 accidentes s\u00f3lo nueve fueron el pasado fin de semana, por lo cual invit\u00f3 a los conductores a conducir con preocupaci\u00f3n apegados al Reglamento de Tr\u00e1nsito para cuidar su seguridad y la de terceros.<\/p>\n\n\n\n<p>Con relaci\u00f3n al operativo de \u00abMoto Segura\u00bb se ingresaron 31 veh\u00edculos, entre motocicletas y autom\u00f3viles al dep\u00f3sito vehicular oficial por incumplimiento al Reglamento de Tr\u00e1nsito, en tanto contin\u00faa con la reparaci\u00f3n y mantenimiento de sem\u00e1foros en la ciudad, contando en esta ocasi\u00f3n con apoyo de la Comisi\u00f3n Federal de Electricidad (CFE) por distintas fallas de energ\u00eda en las avenidas 10 de abril y Vicente Guerrero.<\/p>\n\n\n\n<p>Por otro lado, la Direcci\u00f3n de Bomberos, Rescate y Urgencias M\u00e9dicas atendi\u00f3 un total de 62 servicios reportados a trav\u00e9s de la Central de Emergencias de Cuernavaca, entre ellos 12 \u00e1rboles o ramas colapsadas, seis capturas de animales y ocho incendios de veh\u00edculo, por basura, en casa habitaci\u00f3n, locales comerciales y pastizales.<\/p>\n","protected":false},"excerpt":{"rendered":"<p>La Secretar\u00eda de Protecci\u00f3n y Auxilio Ciudadano (SEPRAC) de Cuernavaca dio a conocer que del 08 al 14 de julio se tuvo el registro de 31 accidentes de tr\u00e1nsito en la ciudad, de los cuales 15 fueron atendidos por peritos y se enviaron al dep\u00f3sito oficial las unidades involucradas al no obtener acuerdos entre los [&hellip;]<\/p>\n","protected":false},"author":3,"featured_media":78,"comment_status":"open","ping_status":"open","sticky":false,"template":"","format":"standard","meta":{"_jetpack_memberships_contains_paid_content":false,"footnotes":""},"categories":[5],"tags":[],"class_list":["post-77","post","type-post","status-publish","format-standard","has-post-thumbnail","hentry","category-morelos"],"jetpack_featured_media_url":"https:\/\/apdnoticias.com\/wp-content\/uploads\/2024\/08\/5a42eb6e-132c-4e2d-bc3d-3291955208a6.jpeg","jetpack_sharing_enabled":true,"_links":{"self":[{"href":"https:\/\/apdnoticias.com\/index.php?rest_route=\/wp\/v2\/posts\/77","targetHints":{"allow":["GET"]}}],"collection":[{"href":"https:\/\/apdnoticias.com\/index.php?rest_route=\/wp\/v2\/posts"}],"about":[{"href":"https:\/\/apdnoticias.com\/index.php?rest_route=\/wp\/v2\/types\/post"}],"author":[{"embeddable":true,"href":"https:\/\/apdnoticias.com\/index.php?rest_route=\/wp\/v2\/users\/3"}],"replies":[{"embeddable":true,"href":"https:\/\/apdnoticias.com\/index.php?rest_route=%2Fwp%2Fv2%2Fcomments&post=77"}],"version-history":[{"count":1,"href":"https:\/\/apdnoticias.com\/index.php?rest_route=\/wp\/v2\/posts\/77\/revisions"}],"predecessor-version":[{"id":79,"href":"https:\/\/apdnoticias.com\/index.php?rest_route=\/wp\/v2\/posts\/77\/revisions\/79"}],"wp:featuredmedia":[{"embeddable":true,"href":"https:\/\/apdnoticias.com\/index.php?rest_route=\/wp\/v2\/media\/78"}],"wp:attachment":[{"href":"https:\/\/apdnoticias.com\/index.php?rest_route=%2Fwp%2Fv2%2Fmedia&parent=77"}],"wp:term":[{"taxonomy":"category","embeddable":true,"href":"https:\/\/apdnoticias.com\/index.php?rest_route=%2Fwp%2Fv2%2Fcategories&post=77"},{"taxonomy":"post_tag","embeddable":true,"href":"https:\/\/apdnoticias.com\/index.php?rest_route=%2Fwp%2Fv2%2Ftags&post=77"}],"curies":[{"name":"wp","href":"https:\/\/api.w.org\/{rel}","templated":true}]}}