{"id":771,"date":"2025-02-19T05:11:37","date_gmt":"2025-02-19T05:11:37","guid":{"rendered":"https:\/\/apdnoticias.com\/?p=771"},"modified":"2025-02-19T05:11:37","modified_gmt":"2025-02-19T05:11:37","slug":"portal-al-inframundo-regresa-a-su-hogar","status":"publish","type":"post","link":"https:\/\/apdnoticias.com\/?p=771","title":{"rendered":"Portal al Inframundo regresa a su hogar"},"content":{"rendered":"\n<p>El regreso del \u00abPortal al Inframundo\u00bb a Chalcatzingo, en el municipio de Jantetelco, marca un momento hist\u00f3rico para el estado de Morelos y para la cultura mexicana en general. La pieza arqueol\u00f3gica, que hab\u00eda sido robada en la d\u00e9cada de 1960, regres\u00f3 a su lugar de origen despu\u00e9s de m\u00e1s de 60 a\u00f1os, gracias a un esfuerzo conjunto entre M\u00e9xico y Estados Unidos. La restituci\u00f3n del monolito olmeca es vista como una reivindicaci\u00f3n de la historia, las ra\u00edces y la identidad de la regi\u00f3n, tal como destac\u00f3 la gobernadora Margarita Gonz\u00e1lez Saravia.<\/p>\n\n\n\n<figure class=\"wp-block-image size-large\"><img fetchpriority=\"high\" decoding=\"async\" width=\"1024\" height=\"684\" src=\"https:\/\/apdnoticias.com\/wp-content\/uploads\/2025\/02\/e5fb24d5-3fa7-48d4-ac22-34dcfee8efe9-1024x684.jpg\" alt=\"\" class=\"wp-image-773\" srcset=\"https:\/\/apdnoticias.com\/wp-content\/uploads\/2025\/02\/e5fb24d5-3fa7-48d4-ac22-34dcfee8efe9-1024x684.jpg 1024w, https:\/\/apdnoticias.com\/wp-content\/uploads\/2025\/02\/e5fb24d5-3fa7-48d4-ac22-34dcfee8efe9-300x200.jpg 300w, https:\/\/apdnoticias.com\/wp-content\/uploads\/2025\/02\/e5fb24d5-3fa7-48d4-ac22-34dcfee8efe9-768x513.jpg 768w, https:\/\/apdnoticias.com\/wp-content\/uploads\/2025\/02\/e5fb24d5-3fa7-48d4-ac22-34dcfee8efe9-1536x1025.jpg 1536w, https:\/\/apdnoticias.com\/wp-content\/uploads\/2025\/02\/e5fb24d5-3fa7-48d4-ac22-34dcfee8efe9.jpg 1600w\" sizes=\"(max-width: 1024px) 100vw, 1024px\" \/><\/figure>\n\n\n\n<p><\/p>\n\n\n\n<p>Durante la ceremonia, la mandataria resalt\u00f3 la importancia de este regreso, se\u00f1alando que este acto simboliza el retorno de un patrimonio cultural invaluable a la comunidad de Chalcatzingo, que con orgullo y responsabilidad se encargar\u00e1 de su cuidado y preservaci\u00f3n. La gobernadora tambi\u00e9n agradeci\u00f3 al Gobierno federal por su papel en la repatriaci\u00f3n de la pieza y anunci\u00f3 que su administraci\u00f3n iniciar\u00e1 gestiones para que la zona arqueol\u00f3gica de Chalcatzingo sea considerada Patrimonio Cultural de la Humanidad por la UNESCO.<\/p>\n\n\n\n<p>El director general del INAH, Diego Prieto Hern\u00e1ndez, tambi\u00e9n particip\u00f3 en el evento, se\u00f1alando que el patrimonio debe regresar a sus comunidades de origen, donde se valora como s\u00edmbolo de identidad. Como parte del regreso de la pieza, se inaugur\u00f3 la reapertura del Museo de Sitio de Chalcatzingo, lo que potenciar\u00e1 el turismo y contribuir\u00e1 al desarrollo econ\u00f3mico de la regi\u00f3n.<\/p>\n\n\n\n<p>El evento cont\u00f3 con la presencia de autoridades locales, acad\u00e9micos, investigadores y otros funcionarios, incluidos la secretaria de Cultura, Montserrat Orellana Colmenares, y el titular de la Secretar\u00eda de Turismo, Daniel Altafi Valladares. Este acto no solo representa una victoria cultural, sino tambi\u00e9n un paso importante para fortalecer el sentido de pertenencia y la identidad de la comunidad de Chalcatzingo y de todo Morelos.<\/p>\n\n\n\n<p><\/p>\n","protected":false},"excerpt":{"rendered":"<p>El regreso del \u00abPortal al Inframundo\u00bb a Chalcatzingo, en el municipio de Jantetelco, marca un momento hist\u00f3rico para el estado de Morelos y para la cultura mexicana en general. La pieza arqueol\u00f3gica, que hab\u00eda sido robada en la d\u00e9cada de 1960, regres\u00f3 a su lugar de origen despu\u00e9s de m\u00e1s de 60 a\u00f1os, gracias a [&hellip;]<\/p>\n","protected":false},"author":3,"featured_media":772,"comment_status":"open","ping_status":"open","sticky":false,"template":"","format":"standard","meta":{"_jetpack_memberships_contains_paid_content":false,"footnotes":""},"categories":[5],"tags":[],"class_list":["post-771","post","type-post","status-publish","format-standard","has-post-thumbnail","hentry","category-morelos"],"jetpack_featured_media_url":"https:\/\/apdnoticias.com\/wp-content\/uploads\/2025\/02\/f7fcaaab-c4d1-495f-95e9-0750507ed598.jpg","jetpack_sharing_enabled":true,"_links":{"self":[{"href":"https:\/\/apdnoticias.com\/index.php?rest_route=\/wp\/v2\/posts\/771","targetHints":{"allow":["GET"]}}],"collection":[{"href":"https:\/\/apdnoticias.com\/index.php?rest_route=\/wp\/v2\/posts"}],"about":[{"href":"https:\/\/apdnoticias.com\/index.php?rest_route=\/wp\/v2\/types\/post"}],"author":[{"embeddable":true,"href":"https:\/\/apdnoticias.com\/index.php?rest_route=\/wp\/v2\/users\/3"}],"replies":[{"embeddable":true,"href":"https:\/\/apdnoticias.com\/index.php?rest_route=%2Fwp%2Fv2%2Fcomments&post=771"}],"version-history":[{"count":1,"href":"https:\/\/apdnoticias.com\/index.php?rest_route=\/wp\/v2\/posts\/771\/revisions"}],"predecessor-version":[{"id":774,"href":"https:\/\/apdnoticias.com\/index.php?rest_route=\/wp\/v2\/posts\/771\/revisions\/774"}],"wp:featuredmedia":[{"embeddable":true,"href":"https:\/\/apdnoticias.com\/index.php?rest_route=\/wp\/v2\/media\/772"}],"wp:attachment":[{"href":"https:\/\/apdnoticias.com\/index.php?rest_route=%2Fwp%2Fv2%2Fmedia&parent=771"}],"wp:term":[{"taxonomy":"category","embeddable":true,"href":"https:\/\/apdnoticias.com\/index.php?rest_route=%2Fwp%2Fv2%2Fcategories&post=771"},{"taxonomy":"post_tag","embeddable":true,"href":"https:\/\/apdnoticias.com\/index.php?rest_route=%2Fwp%2Fv2%2Ftags&post=771"}],"curies":[{"name":"wp","href":"https:\/\/api.w.org\/{rel}","templated":true}]}}