{"id":812,"date":"2025-02-27T22:18:06","date_gmt":"2025-02-27T22:18:06","guid":{"rendered":"http:\/\/apdnoticias.com\/?p=812"},"modified":"2025-02-27T22:18:06","modified_gmt":"2025-02-27T22:18:06","slug":"video-de-presidentes-municipales-de-morelos-y-lideres-criminales-es-real","status":"publish","type":"post","link":"https:\/\/apdnoticias.com\/?p=812","title":{"rendered":"Video de presidentes municipales de Morelos y L\u00edderes criminales es real"},"content":{"rendered":"\n<p>El secretario de Seguridad de Morelos, Miguel \u00c1ngel Urrutia Lozano, ha confirmado la autenticidad de un video que muestra a los alcaldes de Cuautla, Jes\u00fas Corona Dami\u00e1n, y de Atlatlahucan, Agust\u00edn Toledano Amaro, en una reuni\u00f3n con J\u00fapiter Araujo Bernard, alias \u201cEl Barbas\u201d, presunto l\u00edder del C\u00e1rtel de Sinaloa en la regi\u00f3n. Urrutia Lozano descart\u00f3 que el video haya sido manipulado mediante inteligencia artificial, se\u00f1alando que ser\u00eda \u201cmuy dif\u00edcil\u201d hacer aparecer a personas espec\u00edficas en una grabaci\u00f3n de este tipo.&nbsp;<\/p>\n\n\n\n<p>La Fiscal\u00eda General de la Rep\u00fablica (FGR) ha iniciado una investigaci\u00f3n sobre los posibles v\u00ednculos entre estos funcionarios y el crimen organizado. Adem\u00e1s, se ha informado que otros alcaldes de Morelos podr\u00edan estar bajo escrutinio por presuntas conexiones similares.&nbsp;<\/p>\n\n\n\n<p>Este caso se suma a una serie de acciones recientes dirigidas a combatir la corrupci\u00f3n y los nexos entre funcionarios p\u00fablicos y organizaciones delictivas en M\u00e9xico.&nbsp;<\/p>\n\n\n\n<p>Para obtener m\u00e1s detalles sobre este asunto, puede ver el siguiente video:<\/p>\n","protected":false},"excerpt":{"rendered":"<p>El secretario de Seguridad de Morelos, Miguel \u00c1ngel Urrutia Lozano, ha confirmado la autenticidad de un video que muestra a los alcaldes de Cuautla, Jes\u00fas Corona Dami\u00e1n, y de Atlatlahucan, Agust\u00edn Toledano Amaro, en una reuni\u00f3n con J\u00fapiter Araujo Bernard, alias \u201cEl Barbas\u201d, presunto l\u00edder del C\u00e1rtel de Sinaloa en la regi\u00f3n. Urrutia Lozano descart\u00f3 [&hellip;]<\/p>\n","protected":false},"author":3,"featured_media":813,"comment_status":"open","ping_status":"open","sticky":false,"template":"","format":"standard","meta":{"_jetpack_memberships_contains_paid_content":false,"footnotes":""},"categories":[5],"tags":[],"class_list":["post-812","post","type-post","status-publish","format-standard","has-post-thumbnail","hentry","category-morelos"],"jetpack_featured_media_url":"https:\/\/apdnoticias.com\/wp-content\/uploads\/2025\/02\/IMG_3910.jpeg","jetpack_sharing_enabled":true,"_links":{"self":[{"href":"https:\/\/apdnoticias.com\/index.php?rest_route=\/wp\/v2\/posts\/812","targetHints":{"allow":["GET"]}}],"collection":[{"href":"https:\/\/apdnoticias.com\/index.php?rest_route=\/wp\/v2\/posts"}],"about":[{"href":"https:\/\/apdnoticias.com\/index.php?rest_route=\/wp\/v2\/types\/post"}],"author":[{"embeddable":true,"href":"https:\/\/apdnoticias.com\/index.php?rest_route=\/wp\/v2\/users\/3"}],"replies":[{"embeddable":true,"href":"https:\/\/apdnoticias.com\/index.php?rest_route=%2Fwp%2Fv2%2Fcomments&post=812"}],"version-history":[{"count":1,"href":"https:\/\/apdnoticias.com\/index.php?rest_route=\/wp\/v2\/posts\/812\/revisions"}],"predecessor-version":[{"id":814,"href":"https:\/\/apdnoticias.com\/index.php?rest_route=\/wp\/v2\/posts\/812\/revisions\/814"}],"wp:featuredmedia":[{"embeddable":true,"href":"https:\/\/apdnoticias.com\/index.php?rest_route=\/wp\/v2\/media\/813"}],"wp:attachment":[{"href":"https:\/\/apdnoticias.com\/index.php?rest_route=%2Fwp%2Fv2%2Fmedia&parent=812"}],"wp:term":[{"taxonomy":"category","embeddable":true,"href":"https:\/\/apdnoticias.com\/index.php?rest_route=%2Fwp%2Fv2%2Fcategories&post=812"},{"taxonomy":"post_tag","embeddable":true,"href":"https:\/\/apdnoticias.com\/index.php?rest_route=%2Fwp%2Fv2%2Ftags&post=812"}],"curies":[{"name":"wp","href":"https:\/\/api.w.org\/{rel}","templated":true}]}}