{"id":864,"date":"2025-02-17T07:51:00","date_gmt":"2025-02-17T07:51:00","guid":{"rendered":"https:\/\/apdnoticias.com\/?p=864"},"modified":"2025-03-10T07:55:37","modified_gmt":"2025-03-10T07:55:37","slug":"diputado-rafa-reyes-implementa-programa-de-apoyo","status":"publish","type":"post","link":"https:\/\/apdnoticias.com\/?p=864","title":{"rendered":"Diputado Rafa Reyes implementa programa de apoyo"},"content":{"rendered":"\n<p><\/p>\n\n\n\n<p>Para contribuir a garantizar el derecho que tienen las personas a una alimentaci\u00f3n nutritiva y suficiente, el diputado Rafael Reyes implement\u00f3 la ma\u00f1ana de este lunes 17 de febrero un programa de apoyo alimentario para los habitantes de los centros de poblaci\u00f3n ubicados en el municipio de Jiutepec.<\/p>\n\n\n\n<p>En una reuni\u00f3n efectuada en un domicilio de la calle Guadalupe Victoria de la colonia Jos\u00e9 Mar\u00eda Morelos y Pav\u00f3n, el coordinador del grupo parlamentario del partido pol\u00edtico Morena en la LVI Legislatura destac\u00f3 la importancia de la cercan\u00eda de los representantes populares con las y los ciudadanos.<\/p>\n\n\n\n<p>Rafael Reyes comparti\u00f3 que el programa tiene por objetivo dejar patente su compromiso con uno de los ejes del bienestar familiar, la alimentaci\u00f3n, al subsidiar el 50% del costo de un pollo fresco, as\u00ed como una tapa con 30 huevos; durante la primera jornada se entregaron 170 paquetes.<\/p>\n\n\n\n<p>El legislador local refrend\u00f3 su compromiso de trabajo permanente en apego a los principios de Morena, con vocaci\u00f3n de servicio a la colectividad. Rafael Reyes finaliz\u00f3 su intervenci\u00f3n agradeciendo a los habitantes por su confianza, la cual ser\u00e1 correspondida con acciones y obras de beneficio social.<\/p>\n\n\n\n<p><\/p>\n","protected":false},"excerpt":{"rendered":"<p>Para contribuir a garantizar el derecho que tienen las personas a una alimentaci\u00f3n nutritiva y suficiente, el diputado Rafael Reyes implement\u00f3 la ma\u00f1ana de este lunes 17 de febrero un programa de apoyo alimentario para los habitantes de los centros de poblaci\u00f3n ubicados en el municipio de Jiutepec. En una reuni\u00f3n efectuada en un domicilio [&hellip;]<\/p>\n","protected":false},"author":3,"featured_media":865,"comment_status":"open","ping_status":"open","sticky":false,"template":"","format":"standard","meta":{"_jetpack_memberships_contains_paid_content":false,"footnotes":""},"categories":[5],"tags":[],"class_list":["post-864","post","type-post","status-publish","format-standard","has-post-thumbnail","hentry","category-morelos"],"jetpack_featured_media_url":"https:\/\/apdnoticias.com\/wp-content\/uploads\/2025\/03\/e2f0769d-fcf4-4395-8d1f-a4fa288f5e82.jpeg","jetpack_sharing_enabled":true,"_links":{"self":[{"href":"https:\/\/apdnoticias.com\/index.php?rest_route=\/wp\/v2\/posts\/864","targetHints":{"allow":["GET"]}}],"collection":[{"href":"https:\/\/apdnoticias.com\/index.php?rest_route=\/wp\/v2\/posts"}],"about":[{"href":"https:\/\/apdnoticias.com\/index.php?rest_route=\/wp\/v2\/types\/post"}],"author":[{"embeddable":true,"href":"https:\/\/apdnoticias.com\/index.php?rest_route=\/wp\/v2\/users\/3"}],"replies":[{"embeddable":true,"href":"https:\/\/apdnoticias.com\/index.php?rest_route=%2Fwp%2Fv2%2Fcomments&post=864"}],"version-history":[{"count":1,"href":"https:\/\/apdnoticias.com\/index.php?rest_route=\/wp\/v2\/posts\/864\/revisions"}],"predecessor-version":[{"id":866,"href":"https:\/\/apdnoticias.com\/index.php?rest_route=\/wp\/v2\/posts\/864\/revisions\/866"}],"wp:featuredmedia":[{"embeddable":true,"href":"https:\/\/apdnoticias.com\/index.php?rest_route=\/wp\/v2\/media\/865"}],"wp:attachment":[{"href":"https:\/\/apdnoticias.com\/index.php?rest_route=%2Fwp%2Fv2%2Fmedia&parent=864"}],"wp:term":[{"taxonomy":"category","embeddable":true,"href":"https:\/\/apdnoticias.com\/index.php?rest_route=%2Fwp%2Fv2%2Fcategories&post=864"},{"taxonomy":"post_tag","embeddable":true,"href":"https:\/\/apdnoticias.com\/index.php?rest_route=%2Fwp%2Fv2%2Ftags&post=864"}],"curies":[{"name":"wp","href":"https:\/\/api.w.org\/{rel}","templated":true}]}}