{"id":867,"date":"2025-02-18T07:58:00","date_gmt":"2025-02-18T07:58:00","guid":{"rendered":"https:\/\/apdnoticias.com\/?p=867"},"modified":"2025-03-10T08:03:14","modified_gmt":"2025-03-10T08:03:14","slug":"diputada-ruth-rodriguez-celebra-91-aniversario-de-la-primaria-gregorio-torres","status":"publish","type":"post","link":"https:\/\/apdnoticias.com\/?p=867","title":{"rendered":"Diputada Ruth Rodr\u00edguez celebra 91 aniversario de la primaria \u201cGregorio Torres\u201d"},"content":{"rendered":"\n<p>Cuautla, Morelos &#8211; La Diputada Ruth Cleotilde Rodr\u00edguez L\u00f3pez, Presidenta de la Comisi\u00f3n de Educaci\u00f3n de la LVI Legislatura del Congreso del Estado, fue invitada especial al 91 aniversario de la Benem\u00e9rita Escuela Primaria Federal \u00abGregorio Torres Quintero\u00bb en Cuautla.<\/p>\n\n\n\n<p><br>Fundada en 1934 gracias a la colaboraci\u00f3n de ejidatarios y ciudadanos, la escuela celebr\u00f3 su aniversario con n\u00fameros de danza regional y m\u00fasica preparados por los alumnos. La diputada comparti\u00f3 momentos emotivos con maestros, recordando su carrera como docente y asesora de talleres de actualizaci\u00f3n educativa.<\/p>\n\n\n\n<p><br>Durante el evento, una alumna dedic\u00f3 una estrofa a la diputada, quien agradeci\u00f3 el gesto y reafirm\u00f3 su compromiso con la educaci\u00f3n. Adem\u00e1s, anunci\u00f3 la reanudaci\u00f3n del programa #DiputadaEnTuEscuela, visitando escuelas que esperan apoyo para mejorar la educaci\u00f3n de los alumnos.<\/p>\n\n\n\n<p><br>La Diputada Rodr\u00edguez L\u00f3pez destac\u00f3 la importancia de la Primaria \u00abGregorio Torres Quintero\u00bb en la formaci\u00f3n de ciudadanos y agradeci\u00f3 la c\u00e1lida bienvenida de la comunidad educativa.<\/p>\n","protected":false},"excerpt":{"rendered":"<p>Cuautla, Morelos &#8211; La Diputada Ruth Cleotilde Rodr\u00edguez L\u00f3pez, Presidenta de la Comisi\u00f3n de Educaci\u00f3n de la LVI Legislatura del Congreso del Estado, fue invitada especial al 91 aniversario de la Benem\u00e9rita Escuela Primaria Federal \u00abGregorio Torres Quintero\u00bb en Cuautla. Fundada en 1934 gracias a la colaboraci\u00f3n de ejidatarios y ciudadanos, la escuela celebr\u00f3 su [&hellip;]<\/p>\n","protected":false},"author":3,"featured_media":868,"comment_status":"open","ping_status":"open","sticky":false,"template":"","format":"standard","meta":{"_jetpack_memberships_contains_paid_content":false,"footnotes":""},"categories":[5],"tags":[],"class_list":["post-867","post","type-post","status-publish","format-standard","has-post-thumbnail","hentry","category-morelos"],"jetpack_featured_media_url":"https:\/\/apdnoticias.com\/wp-content\/uploads\/2025\/03\/daace05a-ea2e-4a2d-af10-08b3d9c54201.jpeg","jetpack_sharing_enabled":true,"_links":{"self":[{"href":"https:\/\/apdnoticias.com\/index.php?rest_route=\/wp\/v2\/posts\/867","targetHints":{"allow":["GET"]}}],"collection":[{"href":"https:\/\/apdnoticias.com\/index.php?rest_route=\/wp\/v2\/posts"}],"about":[{"href":"https:\/\/apdnoticias.com\/index.php?rest_route=\/wp\/v2\/types\/post"}],"author":[{"embeddable":true,"href":"https:\/\/apdnoticias.com\/index.php?rest_route=\/wp\/v2\/users\/3"}],"replies":[{"embeddable":true,"href":"https:\/\/apdnoticias.com\/index.php?rest_route=%2Fwp%2Fv2%2Fcomments&post=867"}],"version-history":[{"count":1,"href":"https:\/\/apdnoticias.com\/index.php?rest_route=\/wp\/v2\/posts\/867\/revisions"}],"predecessor-version":[{"id":869,"href":"https:\/\/apdnoticias.com\/index.php?rest_route=\/wp\/v2\/posts\/867\/revisions\/869"}],"wp:featuredmedia":[{"embeddable":true,"href":"https:\/\/apdnoticias.com\/index.php?rest_route=\/wp\/v2\/media\/868"}],"wp:attachment":[{"href":"https:\/\/apdnoticias.com\/index.php?rest_route=%2Fwp%2Fv2%2Fmedia&parent=867"}],"wp:term":[{"taxonomy":"category","embeddable":true,"href":"https:\/\/apdnoticias.com\/index.php?rest_route=%2Fwp%2Fv2%2Fcategories&post=867"},{"taxonomy":"post_tag","embeddable":true,"href":"https:\/\/apdnoticias.com\/index.php?rest_route=%2Fwp%2Fv2%2Ftags&post=867"}],"curies":[{"name":"wp","href":"https:\/\/api.w.org\/{rel}","templated":true}]}}