{"id":922,"date":"2025-03-20T05:11:59","date_gmt":"2025-03-20T05:11:59","guid":{"rendered":"https:\/\/apdnoticias.com\/?p=922"},"modified":"2025-03-20T05:11:59","modified_gmt":"2025-03-20T05:11:59","slug":"jose-luis-uriostegui-a-la-cordialidad-en-elecciones-de-ayudantes-municipales","status":"publish","type":"post","link":"https:\/\/apdnoticias.com\/?p=922","title":{"rendered":"Jos\u00e9 Luis Uri\u00f3stegui a la cordialidad en elecciones de ayudantes municipales"},"content":{"rendered":"\n<p>Este domingo a partir de las 9:00 horas, la ciudadan\u00eda podr\u00e1 elegir a la autoridades auxiliares de nueve poblados<\/p>\n\n\n\n<p>El Ayuntamiento de Cuernavaca invita a la ciudadan\u00eda a participar de manera ordenada, pac\u00edfica y responsable en la elecci\u00f3n de ayudantes municipales, que se llevar\u00e1 a cabo este pr\u00f3ximo domingo 23 de marzo de 2025 en nueve poblados de la capital morelense, garantizando la civilidad e imparcialidad en este proceso clave para la organizaci\u00f3n y el bienestar de las comunidades.<\/p>\n\n\n\n<p>En el marco de sesi\u00f3n de la Junta Electoral Municipal, el alcalde de Cuernavaca, Jos\u00e9 Luis Uri\u00f3stegui Salgado, confirm\u00f3 que para asegurar la seguridad y la tranquilidad de las y los participantes, adem\u00e1s de contar con el apoyo de la Secretar\u00eda de Protecci\u00f3n y Auxilio Ciudadano (SEPRAC), tambi\u00e9n se contar\u00e1 con el acompa\u00f1amiento de la Guardia Nacional, de la Secretar\u00eda de la Defensa Nacional (SEDENA) y de la Secretar\u00eda de Seguridad y Protecci\u00f3n Ciudadana del Estado de Morelos.<\/p>\n\n\n\n<p>Los elementos de seguridad estar\u00e1n presentes durante todo el d\u00eda de la elecci\u00f3n, manteniendo el orden y la civilidad en cada una de las mesas de votaci\u00f3n que se ubicar\u00e1n en los poblados de Chamilpa, Acapantzingo, Amatitl\u00e1n, Chapultepec, Chipitl\u00e1n, San Ant\u00f3n, Santa Mar\u00eda Ahuacatitl\u00e1n, Tetela del Monte y Tlaltenango.<\/p>\n\n\n\n<p>Uri\u00f3stegui Salgado aclar\u00f3 que este proceso ha sido objetivo, imparcial y que no tienen inter\u00e9s en inclinar la balanza de la elecci\u00f3n en ning\u00fan poblado y menos a favor de alguien, por lo cual exhort\u00f3 al Cabildo y a integrantes del Ayuntamiento a que se abstengan de participar en apoyo a alguna candidatura en cualquiera de los poblados, a fin de garantizar la transparencia y que el resultado sea a consecuencia de la libre manifestaci\u00f3n de voluntad de electoras y electores.<\/p>\n\n\n\n<p>Cabe mencionar que la jornada electoral se llevar\u00e1 a cabo en un horario de 9:00 a 16:00 horas, notificando de manera previa a cada poblado sobre la ubicaci\u00f3n de las casillas de votaci\u00f3n.<\/p>\n\n\n\n<p>El Gobierno Municipal de Cuernavaca agradece la colaboraci\u00f3n y compromiso de toda la ciudadan\u00eda con este proceso democr\u00e1tico, confiando en que la jornada transcurrir\u00e1 en un ambiente de paz y armon\u00eda.<\/p>\n","protected":false},"excerpt":{"rendered":"<p>Este domingo a partir de las 9:00 horas, la ciudadan\u00eda podr\u00e1 elegir a la autoridades auxiliares de nueve poblados El Ayuntamiento de Cuernavaca invita a la ciudadan\u00eda a participar de manera ordenada, pac\u00edfica y responsable en la elecci\u00f3n de ayudantes municipales, que se llevar\u00e1 a cabo este pr\u00f3ximo domingo 23 de marzo de 2025 en [&hellip;]<\/p>\n","protected":false},"author":3,"featured_media":923,"comment_status":"open","ping_status":"open","sticky":false,"template":"","format":"standard","meta":{"_jetpack_memberships_contains_paid_content":false,"footnotes":""},"categories":[13],"tags":[],"class_list":["post-922","post","type-post","status-publish","format-standard","has-post-thumbnail","hentry","category-local"],"jetpack_featured_media_url":"https:\/\/apdnoticias.com\/wp-content\/uploads\/2025\/03\/bf7d699b-5e8f-4f6f-90f2-d15378a7c744.jpeg","jetpack_sharing_enabled":true,"_links":{"self":[{"href":"https:\/\/apdnoticias.com\/index.php?rest_route=\/wp\/v2\/posts\/922","targetHints":{"allow":["GET"]}}],"collection":[{"href":"https:\/\/apdnoticias.com\/index.php?rest_route=\/wp\/v2\/posts"}],"about":[{"href":"https:\/\/apdnoticias.com\/index.php?rest_route=\/wp\/v2\/types\/post"}],"author":[{"embeddable":true,"href":"https:\/\/apdnoticias.com\/index.php?rest_route=\/wp\/v2\/users\/3"}],"replies":[{"embeddable":true,"href":"https:\/\/apdnoticias.com\/index.php?rest_route=%2Fwp%2Fv2%2Fcomments&post=922"}],"version-history":[{"count":1,"href":"https:\/\/apdnoticias.com\/index.php?rest_route=\/wp\/v2\/posts\/922\/revisions"}],"predecessor-version":[{"id":924,"href":"https:\/\/apdnoticias.com\/index.php?rest_route=\/wp\/v2\/posts\/922\/revisions\/924"}],"wp:featuredmedia":[{"embeddable":true,"href":"https:\/\/apdnoticias.com\/index.php?rest_route=\/wp\/v2\/media\/923"}],"wp:attachment":[{"href":"https:\/\/apdnoticias.com\/index.php?rest_route=%2Fwp%2Fv2%2Fmedia&parent=922"}],"wp:term":[{"taxonomy":"category","embeddable":true,"href":"https:\/\/apdnoticias.com\/index.php?rest_route=%2Fwp%2Fv2%2Fcategories&post=922"},{"taxonomy":"post_tag","embeddable":true,"href":"https:\/\/apdnoticias.com\/index.php?rest_route=%2Fwp%2Fv2%2Ftags&post=922"}],"curies":[{"name":"wp","href":"https:\/\/api.w.org\/{rel}","templated":true}]}}